{"id":1926,"date":"2017-06-30T09:55:09","date_gmt":"2017-06-30T07:55:09","guid":{"rendered":"https:\/\/tytaniwejherowo.pl\/?p=351"},"modified":"2017-06-30T09:55:09","modified_gmt":"2017-06-30T07:55:09","slug":"musimy-stworzyc-kolektyw-w-druzynie","status":"publish","type":"post","link":"https:\/\/tytaniwejherowo.pl\/?p=1926","title":{"rendered":"Musimy stworzy\u0107 kolektyw w dru\u017cynie&#8230;"},"content":{"rendered":"<p>&nbsp;<\/p>\n<pre class=\"western\"><span style=\"font-family:'Times New Roman', serif;\"><span style=\"font-size:large;\">Z prezesem klubu Remigiuszem Sa\u0142at\u0105 oraz wice-prezesem Robertem Wiconem rozmawiamy o minionym sezonie, a tak\u017ce o planach na przysz\u0142o\u015b\u0107 w dru\u017cynie.<b>\n\n\nRozmawiamy po pikniku Tytan\u00f3w, czyli imprezie kt\u00f3ra podsumowuje ca\u0142y sezon zmaga\u0144 w lidze, a jednocze\u015bnie jest podzi\u0119kowaniem dla kibic\u00f3w i sympatyk\u00f3w klubu. Impreza uda\u0142a si\u0119 ?<\/b><\/span><\/span>\n\n<span style=\"font-family:'Times New Roman', serif;\"><span style=\"font-size:large;\">My\u015bl\u0119, \u017ce tak. Widzimy, \u017ce z roku na rok co raz wi\u0119cej os\u00f3b nas odwiedza i \u015bwietnie si\u0119 bawi. Piknik z Tytanami to impreza cykliczna, dzi\u0119ki kt\u00f3rej mo\u017cemy co roku podzi\u0119kowa\u0107 naszym sympatykom za wk\u0142ad jaki wnie\u015bli w funkcjonowanie klubu. Dzi\u0119ki nim mo\u017cemy funkcjonowa\u0107 w drugiej lidze pi\u0142ki r\u0119cznej i propagowa\u0107 t\u0105 dyscyplin\u0119 jako klub z Wejherowa. Bardzo wa\u017cne dla nas s\u0105 spotkania z kibicami, bo zawsze mo\u017cemy wymieni\u0107 si\u0119 uwagami i spostrze\u017ceniami z kim\u015b kto ogl\u0105da nasza gr\u0119 z boku. <\/span><\/span>\n\n<span style=\"font-family:'Times New Roman', serif;\"><span style=\"font-size:large;\"><b>W tym sezonie zako\u0144czyli\u015bcie zmagania na \u00f3smym miejscu w lidze. Jeste\u015bcie z tego faktu zadowoleni, czy jednak pozosta\u0142 ma\u0142y niedosyt ?<\/b><\/span><\/span>\n\n<span style=\"font-family:'Times New Roman', serif;\"><span style=\"font-size:large;\">Po tym jak zerkn\u0119li\u015bmy w archiwum to miejsce w \u015brodku tabeli jest nam jako\u015b dziwnie przypisane. I jest to g\u0142\u00f3wnie zwi\u0105zane z tym, \u017ce mieli\u015bmy braki kadrowe. Je\u015bli nawet sezon zaczynali\u015bmy \u0142adnie, to p\u00f3\u017aniej i tak pojawia\u0142y si\u0119 liczne kontuzje czy choroby zawodnik\u00f3w. Chcieli\u015bmy oczywi\u015bcie zrobi\u0107 krok do przodu i gra\u0107 co raz lepiej, ale w\u0142a\u015bnie brak graczy na poszczeg\u00f3lnych pozycjach sprawi\u0142, \u017ce musieli\u015bmy trenowa\u0107 za ka\u017cdym razem w innym sk\u0142adzie. My\u015bla\u0142em, \u017ce ubieg\u0142y sezon, czy ten dwa lata temu by\u0142y naszymi najgorszymi, ale teraz musz\u0119 przyzna\u0107, \u017ce ten rok by\u0142 zdecydowanie najgorszy. Tylu zawodnik\u00f3w jakich stracili\u015bmy w rozgrywkach to jeszcze nigdy nie by\u0142o. Oczywi\u015bcie zdarza\u0142y si\u0119 r\u00f3wnie\u017c drobne urazy kt\u00f3re na upartego pozwala\u0142y by gra\u0107 na przyk\u0142ad Hubertowi, ale woleli\u015bmy dmucha\u0107 na zimne i da\u0107 si\u0119 wyleczy\u0107 m\u0142odym graczom. Dlatego, przy tych nie sprzyjaj\u0105cych okoliczno\u015bciach to jednak cieszymy si\u0119 z tego co osi\u0105gn\u0119li\u015bmy w tym sezonie.<\/span><\/span>\n\n<span style=\"font-family:'Times New Roman', serif;\"><span style=\"font-size:large;\"><b>Czyli mo\u017cna powiedzie\u0107, \u017ce dru\u017cyna nie zrobi\u0142a kroku do przodu je\u015bli chodzi o rozw\u00f3j ?<\/b><\/span><\/span>\n\n<span style=\"font-family:'Times New Roman', serif;\"><span style=\"font-size:large;\">Zdecydowanie nie zrobi\u0142a. W tym sezonie zesp\u00f3\u0142 stan\u0105\u0142 w miejscu. Niestety wysyp kontuzji starszych i m\u0142odszych graczy pokroju: Warmbiera, Przymanowskiego czy Brzeskiego sprawi\u0142, \u017ce zamiast ogrywa\u0107 si\u0119 z meczu na mecz, starali\u015bmy si\u0119 \u0142ata\u0107 to co mo\u017cliwe. Treningi odbywa\u0142y si\u0119 w okrojonym sk\u0142adzie, a trener co mecz musia\u0142 ustawia\u0107 inaczej dru\u017cyn\u0119 <\/span><\/span>\n\n<span style=\"font-family:'Times New Roman', serif;\"><span style=\"font-size:large;\"><b>No dobrze, kontuzje kontuzjami, ale to chyba nie jedyna przyczyna s\u0142abszego sezonu ?<\/b><\/span><\/span>\n\n<span style=\"font-family:'Times New Roman', serif;\"><span style=\"font-size:large;\">Zgadzam si\u0119, braki kadrowe swoja droga, ale b\u0142\u0119dy jakie pope\u0142niali\u015bmy to inna historia. Pokusi\u0142bym si\u0119 o stwierdzenie, \u017ce praktycznie w ka\u017cdym meczu mogli\u015bmy zagra\u0107 du\u017co lepiej. Takie mecze jak na przyk\u0142ad z Gwardia Koszalin, Kartuzami czy Grudzi\u0105dzem, gdzie prowadzimy r\u00f3\u017cnic\u0105 kilku bramek, a w ko\u0144c\u00f3wce sromotnie przegrywamy, nie powinny mie\u0107 miejsca. G\u0142owy gdzie\u015b tam si\u0119 zagotowa\u0142y i nie potrafili\u015bmy utrzyma\u0107 wyniku.<\/span><\/span>\n\n<span style=\"font-family:'Times New Roman', serif;\"><span style=\"font-size:large;\"><b>Wyniki Tytan\u00f3w w tym sezonie, mo\u017ce nie imponowa\u0142y, ale przez te kontuzje, szanse gry dostawali m\u0142odzi wychowankowie, jak oceniacie postaw\u0119 m\u0142odych adept\u00f3w ?<\/b><\/span><\/span>\n \n<span style=\"font-family:'Times New Roman', serif;\"><span style=\"font-size:large;\">To prawda, \u017ce nasi juniorzy mieli wi\u0119cej mo\u017cliwo\u015bci przebywania na parkiecie, ale nie by\u0142o to tak do ko\u0144ca dobre. W niekt\u00f3rych meczach rzucani byli na g\u0142\u0119bok\u0105 wod\u0119 i niestety czasami ich to przerasta\u0142o. Oczywi\u015bcie nie wini\u0119 ich za to, bo oni si\u0119 dopiero ucz\u0105 i powinni by\u0107 stopniowo wpuszczani na seniorskie parkiety. Niestety chc\u0105c nie chc\u0105c musieli\u015bmy przydziela\u0107 im zadania kt\u00f3re normalnie wykonywa\u0142by starszy zawodnik. My\u015bl\u0119, \u017ce indywidualne umiej\u0119tno\u015bci na pewno wzros\u0142y, dlatego mam nadzieje ze w przysz\u0142ym sezonie to zaprocentuje.<\/span><\/span>\n\n<span style=\"font-family:'Times New Roman', serif;\"><span style=\"font-size:large;\"><b>To jakie pomys\u0142y siedz\u0105 teraz w g\u0142owach prezes\u00f3w, aby przysz\u0142y sezon wygl\u0105da\u0142 inaczej ni\u017c miniony ?<\/b><\/span><\/span>\n\n<span style=\"font-family:'Times New Roman', serif;\"><span style=\"font-size:large;\">Jak zawsze podkre\u015bla\u0142em, chcemy aby dru\u017cyna oparta by\u0142a na naszych wychowankach i mieszka\u0144cach naszego powiatu. Oczywi\u015bcie w zespole s\u0105 zawodnicy z dalszych miejscowo\u015bci, ale zwykle odbywa\u0142o si\u0119 to na zasadzie \u017ce zg\u0142aszali\u015bmy si\u0119 po nich je\u015bli zachodzi\u0142a potrzeba. Teraz ma to si\u0119 zmieni\u0107. Chcemy stworzy\u0107 kolektyw kt\u00f3ry b\u0119dzie chcia\u0142 gra\u0107 i ucz\u0119szcza\u0142 regularnie na treningi. Oczywi\u015bcie musimy mie\u0107 odpowiednia ilo\u015b\u0107 graczy, aby w razie jaki\u015b nieprzewidzianych kontuzji - m\u00f3c dalej gra\u0107 bez wi\u0119kszej straty. Mam nadzieje, \u017ce nasz plan si\u0119 uda, a o zmianach kadrowych poinformujemy w odpowiednim czasie. <\/span><\/span>\n\n<span style=\"font-family:'Times New Roman', serif;\"><span style=\"font-size:large;\"><b>Jest szansa, \u017ce w tym sezonie obydwaj prezesi nie b\u0119d\u0105 musieli ju\u017c wybiega\u0107 na ligowe parkiety ?<\/b><\/span><\/span>\n\n<span style=\"font-family:'Times New Roman', serif;\"><span style=\"font-size:large;\">(\u015amiech) Na to liczyli\u015bmy ju\u017c od dw\u00f3ch sezon\u00f3w, a czas pokaza\u0142, \u017ce jeszcze musimy pom\u00f3c dru\u017cynie na parkiecie. Mam nadziej\u0119, \u017ce to si\u0119 w ko\u0144cu zmieni, chocia\u017c jak m\u00f3wi\u0119, je\u015bli b\u0119dzie potrzeba to oczywi\u015bcie wbiegniemy na parkiet \u017ceby pom\u00f3c sportowo dru\u017cynie.<\/span><\/span>\n\n<span style=\"font-family:'Times New Roman', serif;\"><span style=\"font-size:large;\"><b>Dzi\u0119kuj\u0119 za rozmow\u0119.<\/b><\/span><\/span>\n\n\n<em>Rzecznik prasowy klubu<\/em>\n<em>Dariusz Jankowski<\/em> \n\n<\/pre>\n","protected":false},"excerpt":{"rendered":"<p>&nbsp; Z prezesem klubu Remigiuszem Sa\u0142at\u0105 oraz wice-prezesem Robertem Wiconem rozmawiamy o minionym sezonie, a tak\u017ce o planach na przysz\u0142o\u015b\u0107 w dru\u017cynie. Rozmawiamy po pikniku Tytan\u00f3w, czyli imprezie kt\u00f3ra podsumowuje ca\u0142y sezon zmaga\u0144 w lidze, a jednocze\u015bnie jest podzi\u0119kowaniem dla kibic\u00f3w i sympatyk\u00f3w klubu. Impreza uda\u0142a si\u0119 ? My\u015bl\u0119, \u017ce tak. Widzimy, \u017ce z roku&#8230;<\/p>\n","protected":false},"author":1,"featured_media":354,"comment_status":"open","ping_status":"open","sticky":false,"template":"","format":"standard","meta":{"footnotes":""},"categories":[111],"tags":[],"class_list":["post-1926","post","type-post","status-publish","format-standard","has-post-thumbnail","hentry","category-nowosci"],"_links":{"self":[{"href":"https:\/\/tytaniwejherowo.pl\/index.php?rest_route=\/wp\/v2\/posts\/1926","targetHints":{"allow":["GET"]}}],"collection":[{"href":"https:\/\/tytaniwejherowo.pl\/index.php?rest_route=\/wp\/v2\/posts"}],"about":[{"href":"https:\/\/tytaniwejherowo.pl\/index.php?rest_route=\/wp\/v2\/types\/post"}],"author":[{"embeddable":true,"href":"https:\/\/tytaniwejherowo.pl\/index.php?rest_route=\/wp\/v2\/users\/1"}],"replies":[{"embeddable":true,"href":"https:\/\/tytaniwejherowo.pl\/index.php?rest_route=%2Fwp%2Fv2%2Fcomments&post=1926"}],"version-history":[{"count":0,"href":"https:\/\/tytaniwejherowo.pl\/index.php?rest_route=\/wp\/v2\/posts\/1926\/revisions"}],"wp:attachment":[{"href":"https:\/\/tytaniwejherowo.pl\/index.php?rest_route=%2Fwp%2Fv2%2Fmedia&parent=1926"}],"wp:term":[{"taxonomy":"category","embeddable":true,"href":"https:\/\/tytaniwejherowo.pl\/index.php?rest_route=%2Fwp%2Fv2%2Fcategories&post=1926"},{"taxonomy":"post_tag","embeddable":true,"href":"https:\/\/tytaniwejherowo.pl\/index.php?rest_route=%2Fwp%2Fv2%2Ftags&post=1926"}],"curies":[{"name":"wp","href":"https:\/\/api.w.org\/{rel}","templated":true}]}}