{"id":289,"date":"2017-04-29T15:08:26","date_gmt":"2017-04-29T13:08:26","guid":{"rendered":"https:\/\/tytaniwejherowo.pl\/?p=289"},"modified":"2017-04-29T15:08:26","modified_gmt":"2017-04-29T13:08:26","slug":"centrum-sportu-tytani-czesc-druga","status":"publish","type":"post","link":"https:\/\/tytaniwejherowo.pl\/?p=289","title":{"rendered":"&#8222;Centrum Sportu Tytani&#8221; &#8211; cz\u0119\u015b\u0107 druga."},"content":{"rendered":"<p><img loading=\"lazy\" decoding=\"async\" class=\"alignnone size-full wp-image-293\" src=\"https:\/\/tytaniwejherowoblog.files.wordpress.com\/2017\/04\/18209722_1448737021863947_246474963_o.jpg\" alt=\"18209722_1448737021863947_246474963_o\" width=\"1280\" height=\"720\" \/><\/p>\n<p><span style=\"color:#333333;\"><span style=\"font-family:Arial, sans-serif;\"><span style=\"font-size:large;\">W dniu wczorajszym, kierownik naszej dru\u017cyny, Maciej Nowoci\u0144ski \u2013 z\u0142o\u017cy\u0142 w Urz\u0119dzie Miasta Wejherowa, dwie propozycj\u0119 projekt\u00f3w do Bud\u017cetu Obywatelskiego realizowanego w roku 2018. Pierwszy projekt \u2013 inwestycyjny zak\u0142ada drugi etap budowy &#8221; Centrum Sportu Tytani &#8222;. W planach mi\u0119dzy innymi jest: <\/span><\/span><\/span><\/p>\n<p><span style=\"color:#333333;\"><span style=\"font-family:Arial, sans-serif;\"><span style=\"font-size:large;\">a) wybudowanie zewn\u0119trznej si\u0142owni<\/span><\/span><\/span><\/p>\n<p><span style=\"color:#333333;\"><span style=\"font-family:Arial, sans-serif;\"><span style=\"font-size:large;\">b) za\u0142o\u017cenie monitoringu na ca\u0142ym obiekcie<\/span><\/span><\/span><\/p>\n<p><span style=\"color:#333333;\"><span style=\"font-family:Arial, sans-serif;\"><span style=\"font-size:large;\">c) ogrodzenie terenu<\/span><\/span><\/span><\/p>\n<p><span style=\"color:#333333;\"><span style=\"font-family:Arial, sans-serif;\"><span style=\"font-size:large;\">d) zamontowanie o\u015bwietlenia zgodnego z normami <\/span><\/span><\/span><\/p>\n<p><span style=\"color:#333333;\"><span style=\"font-family:Arial, sans-serif;\"><span style=\"font-size:large;\">e) zbudowanie mini placu zabaw dla dzieci<\/span><\/span><\/span><\/p>\n<p><span style=\"color:#333333;\"><span style=\"font-family:Arial, sans-serif;\"><span style=\"font-size:large;\">Koszt ca\u0142ego przedsi\u0119wzi\u0119cia zosta\u0142 wyceniony na prawie 199 tysi\u0119cy z\u0142otych.<\/span><\/span><\/span><\/p>\n<p><span style=\"color:#333333;\"><span style=\"font-family:Arial, sans-serif;\"><span style=\"font-size:large;\">Drugi projekt \u2013 nieinwestycyjny &#8222;Witaj szko\u0142o na sportowo&#8221; jest powi\u0105zany z centrum sportu, zak\u0142ada bowiem zorganizowanie, na jego terenie, rodzinnej imprezy plenerowej w dniu 01.09.2018 (sobota). W ramach projektu znalaz\u0142o by si\u0119 :<\/span><\/span><\/span><\/p>\n<p><span style=\"color:#333333;\"><span style=\"font-family:Arial, sans-serif;\"><span style=\"font-size:large;\">a) zorganizowanie imprezy plenerowej dla mieszka\u0144c\u00f3w<\/span><\/span><\/span><\/p>\n<p><span style=\"color:#333333;\"><span style=\"font-family:Arial, sans-serif;\"><span style=\"font-size:large;\">b) zakup nagr\u00f3d rzeczowych<\/span><\/span><\/span><\/p>\n<p><span style=\"color:#333333;\"><span style=\"font-family:Arial, sans-serif;\"><span style=\"font-size:large;\">c) wynaj\u0119cie zamk\u00f3w dmuchanych dla dzieci<\/span><\/span><\/span><\/p>\n<p><span style=\"color:#333333;\"><span style=\"font-family:Arial, sans-serif;\"><span style=\"font-size:large;\">d) zakup puchar\u00f3w oraz pami\u0105tek<\/span><\/span><\/span><\/p>\n<p><span style=\"color:#333333;\"><span style=\"font-family:Arial, sans-serif;\"><span style=\"font-size:large;\">e) koszt obs\u0142ugi oraz zabezpieczenia imprezy<\/span><\/span><\/span><\/p>\n<p><span style=\"color:#333333;\"><span style=\"font-family:Arial, sans-serif;\"><span style=\"font-size:large;\">Kosztorys projektu opiewa na sum\u0119 10 tysi\u0119cy z\u0142otych.<\/span><\/span><\/span><\/p>\n<p><span style=\"color:#333333;\"><span style=\"font-family:Arial, sans-serif;\"><span style=\"font-size:large;\">Przypomnijmy, \u017ce w ubieg\u0142ej edycji bud\u017cetu obywatelskiego, projekt Macieja Nowoci\u0144skiego zdoby\u0142 przychylno\u015b\u0107 mieszka\u0144c\u00f3w, a jego realizacja ( pierwszy etap budowy &#8222;Centrum Sportu Tytani&#8221; ) nast\u0105pi w tym roku. <\/span><\/span><\/span><\/p>\n","protected":false},"excerpt":{"rendered":"<p>W dniu wczorajszym, kierownik naszej dru\u017cyny, Maciej Nowoci\u0144ski \u2013 z\u0142o\u017cy\u0142 w Urz\u0119dzie Miasta Wejherowa, dwie propozycj\u0119 projekt\u00f3w do Bud\u017cetu Obywatelskiego realizowanego w roku 2018. Pierwszy projekt \u2013 inwestycyjny zak\u0142ada drugi etap budowy &#8221; Centrum Sportu Tytani &#8222;. W planach mi\u0119dzy innymi jest: a) wybudowanie zewn\u0119trznej si\u0142owni b) za\u0142o\u017cenie monitoringu na ca\u0142ym obiekcie c) ogrodzenie terenu&#8230;<\/p>\n","protected":false},"author":1,"featured_media":293,"comment_status":"open","ping_status":"open","sticky":false,"template":"","format":"standard","meta":{"footnotes":""},"categories":[111],"tags":[114],"class_list":["post-289","post","type-post","status-publish","format-standard","has-post-thumbnail","hentry","category-nowosci","tag-banner"],"_links":{"self":[{"href":"https:\/\/tytaniwejherowo.pl\/index.php?rest_route=\/wp\/v2\/posts\/289","targetHints":{"allow":["GET"]}}],"collection":[{"href":"https:\/\/tytaniwejherowo.pl\/index.php?rest_route=\/wp\/v2\/posts"}],"about":[{"href":"https:\/\/tytaniwejherowo.pl\/index.php?rest_route=\/wp\/v2\/types\/post"}],"author":[{"embeddable":true,"href":"https:\/\/tytaniwejherowo.pl\/index.php?rest_route=\/wp\/v2\/users\/1"}],"replies":[{"embeddable":true,"href":"https:\/\/tytaniwejherowo.pl\/index.php?rest_route=%2Fwp%2Fv2%2Fcomments&post=289"}],"version-history":[{"count":0,"href":"https:\/\/tytaniwejherowo.pl\/index.php?rest_route=\/wp\/v2\/posts\/289\/revisions"}],"wp:attachment":[{"href":"https:\/\/tytaniwejherowo.pl\/index.php?rest_route=%2Fwp%2Fv2%2Fmedia&parent=289"}],"wp:term":[{"taxonomy":"category","embeddable":true,"href":"https:\/\/tytaniwejherowo.pl\/index.php?rest_route=%2Fwp%2Fv2%2Fcategories&post=289"},{"taxonomy":"post_tag","embeddable":true,"href":"https:\/\/tytaniwejherowo.pl\/index.php?rest_route=%2Fwp%2Fv2%2Ftags&post=289"}],"curies":[{"name":"wp","href":"https:\/\/api.w.org\/{rel}","templated":true}]}}