{"id":4285,"date":"2025-09-17T00:15:27","date_gmt":"2025-09-16T22:15:27","guid":{"rendered":"https:\/\/tytaniwejherowo.pl\/?p=4285"},"modified":"2025-09-17T00:15:30","modified_gmt":"2025-09-16T22:15:30","slug":"pucharowo-z-zukowem","status":"publish","type":"post","link":"https:\/\/tytaniwejherowo.pl\/?p=4285","title":{"rendered":"Pucharowo z \u017bukowem"},"content":{"rendered":"\n<p class=\"wp-block-paragraph\">Ju\u017c w czwartek, 18 wrze\u015bnia o godzinie 19:00, zapraszamy wszystkich kibic\u00f3w do Hali PZS nr 4 w Wejherowie. W ramach rozgrywek Wojew\u00f3dzkiego Pucharu Polski zmierzymy si\u0119 z dobrze znanym przeciwnikiem \u2013 <strong>KPR Fit Dieta \u017bukowo<\/strong>.<\/p>\n\n\n\n<p class=\"wp-block-paragraph\">To b\u0119dzie pierwsza okazja, by zobaczy\u0107 nasz\u0105 dru\u017cyn\u0119 na parkiecie przed w\u0142asn\u0105 publiczno\u015bci\u0105. W ubieg\u0142y weekend odnie\u015bli\u015bmy cenne wyjazdowe zwyci\u0119stwo w Olsztynie, pokazuj\u0105c, \u017ce forma zespo\u0142u ro\u015bnie i jeste\u015bmy gotowi do walki zar\u00f3wno w Pucharze, jak i w lidze! Emocji na pewno nie zabraknie, zw\u0142aszcza \u017ce z zespo\u0142em z \u017bukowa mamy ju\u017c wsp\u00f3ln\u0105 histori\u0119&#8230;<\/p>\n\n\n\n<p class=\"wp-block-paragraph\">W ubieg\u0142ym sezonie, r\u00f3wnie\u017c w ramach Wojew\u00f3dzkiego Pucharu Polski, uda\u0142o nam si\u0119 pokona\u0107 KPR \u017bukowo, mimo \u017ce rywale wyst\u0119powali wtedy lig\u0119 wy\u017cej, w Lidze Centralnej. Teraz sytuacja si\u0119 zmieni\u0142a \u2013 \u017bukowo po spadku do\u0142\u0105czy\u0142o do naszej grupy I ligi, ale to wcale nie oznacza, \u017ce b\u0119dzie \u0142atwiej. W przerwie mi\u0119dzy sezonami zesp\u00f3\u0142 z \u017bukowa znacz\u0105co wzmocni\u0142 sk\u0142ad zawodnikami z do\u015bwiadczeniem gry w Superlidze, co czyni ich jednym z gro\u017aniejszych rywali w naszej grupie. Zwyci\u0119zca zyska awans na szczebel centralny rozgrywek Orlen Pucharu Polski. Tym bardziej liczymy na Wasze wsparcie z trybun!<\/p>\n\n\n\n<div class=\"wp-block-media-text is-stacked-on-mobile\" style=\"grid-template-columns:28% auto\"><figure class=\"wp-block-media-text__media\"><img loading=\"lazy\" decoding=\"async\" width=\"1024\" height=\"1024\" src=\"https:\/\/tytaniwejherowo.pl\/wp-content\/uploads\/2007\/11\/7r-1024x1024.jpg\" alt=\"\" class=\"wp-image-4246 size-full\" srcset=\"https:\/\/tytaniwejherowo.pl\/wp-content\/uploads\/2007\/11\/7r-1024x1024.jpg 1024w, https:\/\/tytaniwejherowo.pl\/wp-content\/uploads\/2007\/11\/7r-300x300.jpg 300w, https:\/\/tytaniwejherowo.pl\/wp-content\/uploads\/2007\/11\/7r-150x150.jpg 150w, https:\/\/tytaniwejherowo.pl\/wp-content\/uploads\/2007\/11\/7r-768x768.jpg 768w, https:\/\/tytaniwejherowo.pl\/wp-content\/uploads\/2007\/11\/7r-1536x1536.jpg 1536w, https:\/\/tytaniwejherowo.pl\/wp-content\/uploads\/2007\/11\/7r-128x128.jpg 128w, https:\/\/tytaniwejherowo.pl\/wp-content\/uploads\/2007\/11\/7r-32x32.jpg 32w, https:\/\/tytaniwejherowo.pl\/wp-content\/uploads\/2007\/11\/7r-200x200.jpg 200w, https:\/\/tytaniwejherowo.pl\/wp-content\/uploads\/2007\/11\/7r-255x255.jpg 255w, https:\/\/tytaniwejherowo.pl\/wp-content\/uploads\/2007\/11\/7r-80x80.jpg 80w, https:\/\/tytaniwejherowo.pl\/wp-content\/uploads\/2007\/11\/7r-740x740.jpg 740w, https:\/\/tytaniwejherowo.pl\/wp-content\/uploads\/2007\/11\/7r-98x98.jpg 98w, https:\/\/tytaniwejherowo.pl\/wp-content\/uploads\/2007\/11\/7r-445x445.jpg 445w, https:\/\/tytaniwejherowo.pl\/wp-content\/uploads\/2007\/11\/7r-270x270.jpg 270w, https:\/\/tytaniwejherowo.pl\/wp-content\/uploads\/2007\/11\/7r-600x600.jpg 600w, https:\/\/tytaniwejherowo.pl\/wp-content\/uploads\/2007\/11\/7r-100x100.jpg 100w, https:\/\/tytaniwejherowo.pl\/wp-content\/uploads\/2007\/11\/7r.jpg 1600w\" sizes=\"auto, (max-width: 1024px) 100vw, 1024px\" \/><\/figure><div class=\"wp-block-media-text__content\">\n<p class=\"wp-block-paragraph\">Jan Gromowski przed meczem z \u017bukowem:<\/p>\n\n\n\n<blockquote class=\"wp-block-quote is-layout-flow wp-block-quote-is-layout-flow\">\n<p class=\"wp-block-paragraph\">To b\u0119dzie dla mnie z pewno\u015bci\u0105 emocjonuj\u0105cy mecz \u2013 jeszcze w poprzednim sezonie gra\u0142em w \u017bukowie. Wiem, \u017ce to dru\u017cyna, kt\u00f3ra nigdy si\u0119 nie poddaje i zostawia serce na boisku. Przed nami trudne spotkanie, ale jeste\u015bmy gotowi, by da\u0107 z siebie wszystko i powalczy\u0107 o zwyci\u0119stwo.<\/p>\n<\/blockquote>\n<\/div><\/div>\n\n\n\n<h3 class=\"wp-block-heading\">A ju\u017c w niedziel\u0119\u2026 pierwszy ligowy mecz u siebie!<\/h3>\n\n\n\n<p class=\"wp-block-paragraph\">Je\u015bli czwartkowy mecz to za ma\u0142o \u2013 mamy dobr\u0105 wiadomo\u015b\u0107! Ju\u017c w niedziel\u0119, 21 wrze\u015bnia o godzinie 16:00, zagramy pierwszy domowy mecz I ligi. Naszym rywalem b\u0119dzie <strong>UKS Jedynka KODO Mor\u0105g<\/strong>.<\/p>\n\n\n\n<p class=\"wp-block-paragraph\">To intensywny tydzie\u0144 dla Tytan\u00f3w, ale r\u00f3wnie\u017c wyj\u0105tkowa okazja dla kibic\u00f3w, by wspiera\u0107 nas dwa razy w ci\u0105gu czterech dni!<\/p>\n","protected":false},"excerpt":{"rendered":"<p>Ju\u017c w czwartek, 18 wrze\u015bnia o godzinie 19:00, zapraszamy wszystkich kibic\u00f3w do Hali PZS nr 4 w Wejherowie. W ramach rozgrywek Wojew\u00f3dzkiego Pucharu Polski zmierzymy si\u0119 z dobrze znanym przeciwnikiem \u2013 KPR Fit Dieta \u017bukowo. To b\u0119dzie pierwsza okazja, by zobaczy\u0107 nasz\u0105 dru\u017cyn\u0119 na parkiecie przed w\u0142asn\u0105 publiczno\u015bci\u0105. W ubieg\u0142y weekend odnie\u015bli\u015bmy cenne wyjazdowe zwyci\u0119stwo&#8230;<\/p>\n","protected":false},"author":1,"featured_media":4286,"comment_status":"closed","ping_status":"open","sticky":false,"template":"","format":"standard","meta":{"footnotes":""},"categories":[111],"tags":[],"class_list":["post-4285","post","type-post","status-publish","format-standard","has-post-thumbnail","hentry","category-nowosci"],"_links":{"self":[{"href":"https:\/\/tytaniwejherowo.pl\/index.php?rest_route=\/wp\/v2\/posts\/4285","targetHints":{"allow":["GET"]}}],"collection":[{"href":"https:\/\/tytaniwejherowo.pl\/index.php?rest_route=\/wp\/v2\/posts"}],"about":[{"href":"https:\/\/tytaniwejherowo.pl\/index.php?rest_route=\/wp\/v2\/types\/post"}],"author":[{"embeddable":true,"href":"https:\/\/tytaniwejherowo.pl\/index.php?rest_route=\/wp\/v2\/users\/1"}],"replies":[{"embeddable":true,"href":"https:\/\/tytaniwejherowo.pl\/index.php?rest_route=%2Fwp%2Fv2%2Fcomments&post=4285"}],"version-history":[{"count":2,"href":"https:\/\/tytaniwejherowo.pl\/index.php?rest_route=\/wp\/v2\/posts\/4285\/revisions"}],"predecessor-version":[{"id":4288,"href":"https:\/\/tytaniwejherowo.pl\/index.php?rest_route=\/wp\/v2\/posts\/4285\/revisions\/4288"}],"wp:featuredmedia":[{"embeddable":true,"href":"https:\/\/tytaniwejherowo.pl\/index.php?rest_route=\/wp\/v2\/media\/4286"}],"wp:attachment":[{"href":"https:\/\/tytaniwejherowo.pl\/index.php?rest_route=%2Fwp%2Fv2%2Fmedia&parent=4285"}],"wp:term":[{"taxonomy":"category","embeddable":true,"href":"https:\/\/tytaniwejherowo.pl\/index.php?rest_route=%2Fwp%2Fv2%2Fcategories&post=4285"},{"taxonomy":"post_tag","embeddable":true,"href":"https:\/\/tytaniwejherowo.pl\/index.php?rest_route=%2Fwp%2Fv2%2Ftags&post=4285"}],"curies":[{"name":"wp","href":"https:\/\/api.w.org\/{rel}","templated":true}]}}