{"id":4303,"date":"2025-09-26T14:46:32","date_gmt":"2025-09-26T12:46:32","guid":{"rendered":"https:\/\/tytaniwejherowo.pl\/?p=4303"},"modified":"2025-09-26T14:46:33","modified_gmt":"2025-09-26T12:46:33","slug":"najdalszy-wyjazd-w-lidze","status":"publish","type":"post","link":"https:\/\/tytaniwejherowo.pl\/?p=4303","title":{"rendered":"Najdalszy wyjazd w lidze"},"content":{"rendered":"\n<p class=\"wp-block-paragraph\">W najbli\u017csz\u0105 niedziel\u0119 z samego rana ruszymy na najdalszy mecz wyjazdowy w sezonie, Tytani Wejherowo zmierz\u0105 si\u0119 na wyje\u017adzie z SKF KPR Sparta Oborniki w ramach 4. kolejki I Ligi M\u0119\u017cczyzn \u2013 Grupa A. To spotkanie nie b\u0119dzie nale\u017ce\u0107 do \u0142atwych \u2013 zar\u00f3wno ze wzgl\u0119du na klas\u0119 rywala, jak i histori\u0119 naszych ostatnich star\u0107 na tym terenie.<\/p>\n\n\n\n<p class=\"wp-block-paragraph\">Dwa ostatnie mecze w Obornikach ko\u0144czy\u0142y si\u0119 pora\u017ckami Tytan\u00f3w, co tylko dodaje temu spotkaniu dodatkowego \u0142adunku emocjonalnego. Nadszed\u0142 czas, by prze\u0142ama\u0107 niekorzystn\u0105 pass\u0119 i w ko\u0144cu wywie\u017a\u0107 punkty z trudnego terenu. Gospodarze to solidna dru\u017cyna, kt\u00f3ra szczeg\u00f3lnie dobrze prezentuje si\u0119 przed w\u0142asn\u0105 publiczno\u015bci\u0105. Tytani jednak nie jad\u0105 tam z nastawieniem obronnym \u2013 chcemy zagra\u0107 swoje, narzuci\u0107 w\u0142asny styl i walczy\u0107 o zwyci\u0119stwo.<\/p>\n\n\n\n<p class=\"wp-block-paragraph\">Wynik tego spotkania mo\u017ce okaza\u0107 si\u0119 wa\u017cny nie tylko w kontek\u015bcie bie\u017c\u0105cej kolejki, ale i ca\u0142ej rundy. Obie dru\u017cyny b\u0119d\u0105 walczy\u0107 o wyj\u015bcie z dolnej cz\u0119\u015bci tabeli, a zwyci\u0119zca tego starcia mo\u017ce poprawi\u0107 swoj\u0105 pozycj\u0119. <\/p>\n\n\n\n<div class=\"wp-block-media-text is-stacked-on-mobile\" style=\"grid-template-columns:24% auto\"><figure class=\"wp-block-media-text__media\"><img loading=\"lazy\" decoding=\"async\" width=\"1024\" height=\"1024\" src=\"https:\/\/tytaniwejherowo.pl\/wp-content\/uploads\/2007\/11\/77a-1024x1024.jpg\" alt=\"\" class=\"wp-image-4258 size-full\" srcset=\"https:\/\/tytaniwejherowo.pl\/wp-content\/uploads\/2007\/11\/77a-1024x1024.jpg 1024w, https:\/\/tytaniwejherowo.pl\/wp-content\/uploads\/2007\/11\/77a-300x300.jpg 300w, https:\/\/tytaniwejherowo.pl\/wp-content\/uploads\/2007\/11\/77a-150x150.jpg 150w, https:\/\/tytaniwejherowo.pl\/wp-content\/uploads\/2007\/11\/77a-768x768.jpg 768w, https:\/\/tytaniwejherowo.pl\/wp-content\/uploads\/2007\/11\/77a-1536x1536.jpg 1536w, https:\/\/tytaniwejherowo.pl\/wp-content\/uploads\/2007\/11\/77a-128x128.jpg 128w, https:\/\/tytaniwejherowo.pl\/wp-content\/uploads\/2007\/11\/77a-32x32.jpg 32w, https:\/\/tytaniwejherowo.pl\/wp-content\/uploads\/2007\/11\/77a-200x200.jpg 200w, https:\/\/tytaniwejherowo.pl\/wp-content\/uploads\/2007\/11\/77a-255x255.jpg 255w, https:\/\/tytaniwejherowo.pl\/wp-content\/uploads\/2007\/11\/77a-80x80.jpg 80w, https:\/\/tytaniwejherowo.pl\/wp-content\/uploads\/2007\/11\/77a-740x740.jpg 740w, https:\/\/tytaniwejherowo.pl\/wp-content\/uploads\/2007\/11\/77a-98x98.jpg 98w, https:\/\/tytaniwejherowo.pl\/wp-content\/uploads\/2007\/11\/77a-445x445.jpg 445w, https:\/\/tytaniwejherowo.pl\/wp-content\/uploads\/2007\/11\/77a-270x270.jpg 270w, https:\/\/tytaniwejherowo.pl\/wp-content\/uploads\/2007\/11\/77a-600x600.jpg 600w, https:\/\/tytaniwejherowo.pl\/wp-content\/uploads\/2007\/11\/77a-100x100.jpg 100w, https:\/\/tytaniwejherowo.pl\/wp-content\/uploads\/2007\/11\/77a.jpg 1600w\" sizes=\"auto, (max-width: 1024px) 100vw, 1024px\" \/><\/figure><div class=\"wp-block-media-text__content\">\n<p class=\"wp-block-paragraph\">Karol Kreft przed meczem w Obornikach:<\/p>\n\n\n\n<blockquote class=\"wp-block-quote is-layout-flow wp-block-quote-is-layout-flow\">\n<p class=\"wp-block-paragraph\">Doskonale pami\u0119tamy, \u017ce dwa ostatnie mecze na hali w Obornikach nie posz\u0142y po naszej my\u015bli. Tym razem jednak jedziemy tam z jasnym celem \u2013 przerwa\u0107 t\u0119 niekorzystn\u0105 pass\u0119 i wr\u00f3ci\u0107 z tarcz\u0105. Pocz\u0105tek sezonu nie nale\u017ca\u0142 do naj\u0142atwiejszych, ale nie spuszczamy g\u0142\u00f3w. Ci\u0119\u017cko pracujemy na treningach, by wr\u00f3ci\u0107 na w\u0142a\u015bciwe tory i pokaza\u0107, na co nas naprawd\u0119 sta\u0107. Atmosfera w dru\u017cynie jest bojowa, a determinacja \u2013 ogromna. Wierzymy, \u017ce ten mecz mo\u017ce by\u0107 punktem zwrotnym nie tylko w kontek\u015bcie tego sezonu, ale tak\u017ce naszej historii star\u0107 w Obornikach.<\/p>\n\n\n\n<p class=\"wp-block-paragraph\">Jedziemy po prze\u0142amanie. Trzymajcie za nas kciuki!<\/p>\n<\/blockquote>\n<\/div><\/div>\n\n\n\n<h3 class=\"wp-block-heading has-text-align-center\">Mecz z SKF KPR Spart\u0105 Oborniki odb\u0119dzie si\u0119 w niedziel\u0119 28 wrze\u015bnia o godzinie 14:00 w Hali Sportowej OCS przy ulicy Obrzyckiej 88 w Obornikach.<\/h3>\n","protected":false},"excerpt":{"rendered":"<p>W najbli\u017csz\u0105 niedziel\u0119 z samego rana ruszymy na najdalszy mecz wyjazdowy w sezonie, Tytani Wejherowo zmierz\u0105 si\u0119 na wyje\u017adzie z SKF KPR Sparta Oborniki w ramach 4. kolejki I Ligi M\u0119\u017cczyzn \u2013 Grupa A. To spotkanie nie b\u0119dzie nale\u017ce\u0107 do \u0142atwych \u2013 zar\u00f3wno ze wzgl\u0119du na klas\u0119 rywala, jak i histori\u0119 naszych ostatnich star\u0107 na&#8230;<\/p>\n","protected":false},"author":1,"featured_media":4304,"comment_status":"closed","ping_status":"open","sticky":false,"template":"","format":"standard","meta":{"footnotes":""},"categories":[111],"tags":[],"class_list":["post-4303","post","type-post","status-publish","format-standard","has-post-thumbnail","hentry","category-nowosci"],"_links":{"self":[{"href":"https:\/\/tytaniwejherowo.pl\/index.php?rest_route=\/wp\/v2\/posts\/4303","targetHints":{"allow":["GET"]}}],"collection":[{"href":"https:\/\/tytaniwejherowo.pl\/index.php?rest_route=\/wp\/v2\/posts"}],"about":[{"href":"https:\/\/tytaniwejherowo.pl\/index.php?rest_route=\/wp\/v2\/types\/post"}],"author":[{"embeddable":true,"href":"https:\/\/tytaniwejherowo.pl\/index.php?rest_route=\/wp\/v2\/users\/1"}],"replies":[{"embeddable":true,"href":"https:\/\/tytaniwejherowo.pl\/index.php?rest_route=%2Fwp%2Fv2%2Fcomments&post=4303"}],"version-history":[{"count":5,"href":"https:\/\/tytaniwejherowo.pl\/index.php?rest_route=\/wp\/v2\/posts\/4303\/revisions"}],"predecessor-version":[{"id":4309,"href":"https:\/\/tytaniwejherowo.pl\/index.php?rest_route=\/wp\/v2\/posts\/4303\/revisions\/4309"}],"wp:featuredmedia":[{"embeddable":true,"href":"https:\/\/tytaniwejherowo.pl\/index.php?rest_route=\/wp\/v2\/media\/4304"}],"wp:attachment":[{"href":"https:\/\/tytaniwejherowo.pl\/index.php?rest_route=%2Fwp%2Fv2%2Fmedia&parent=4303"}],"wp:term":[{"taxonomy":"category","embeddable":true,"href":"https:\/\/tytaniwejherowo.pl\/index.php?rest_route=%2Fwp%2Fv2%2Fcategories&post=4303"},{"taxonomy":"post_tag","embeddable":true,"href":"https:\/\/tytaniwejherowo.pl\/index.php?rest_route=%2Fwp%2Fv2%2Ftags&post=4303"}],"curies":[{"name":"wp","href":"https:\/\/api.w.org\/{rel}","templated":true}]}}