{"id":4487,"date":"2026-02-20T15:09:12","date_gmt":"2026-02-20T14:09:12","guid":{"rendered":"https:\/\/tytaniwejherowo.pl\/?p=4487"},"modified":"2026-02-20T15:34:03","modified_gmt":"2026-02-20T14:34:03","slug":"w-niedziele-mecz-ze-sparta","status":"publish","type":"post","link":"https:\/\/tytaniwejherowo.pl\/?p=4487","title":{"rendered":"W niedziele mecz ze Spart\u0105"},"content":{"rendered":"\n<p class=\"wp-block-paragraph\">Przed Tytanami kolejne ligowe wyzwanie. Nasza dru\u017cyna zmierzy si\u0119 z zespo\u0142em Sparty Oborniki, kt\u00f3ry obecnie zajmuje 9. miejsce w tabeli. W pierwszej rundzie uda\u0142o si\u0119 nam wygra\u0107 na wyje\u017adzie po rzutach karnych.<\/p>\n\n\n\n<p class=\"wp-block-paragraph\">Spartanie w tym roku rozegrali trzy spotkania. Pokonali Wybrze\u017ce Gda\u0144sk oraz Szczypiorniak Olsztyn, a jednej pora\u017cki doznali u siebie z AZS UKW Bydgoszcz. To zesp\u00f3\u0142 solidny i waleczny, kt\u00f3ry potrafi narzuci\u0107 swoje tempo gry.<\/p>\n\n\n\n<p class=\"wp-block-paragraph\">Tytani maj\u0105 za sob\u0105 dwa mecze z dru\u017cynami ze \u015bcis\u0142ej czo\u0142\u00f3wki tabeli. Oba spotkania zako\u0144czy\u0142y si\u0119 minimalnymi pora\u017ckami, a o ko\u0144cowym wyniku decydowa\u0142y detale. To pokazuje, \u017ce nasz zesp\u00f3\u0142 jest blisko prze\u0142amania i potrafi rywalizowa\u0107 z najmocniejszymi.<\/p>\n\n\n\n<p class=\"wp-block-paragraph\">Sytuacja kadrowa nie jest w pe\u0142ni klarowna. W dru\u017cynie pojawi\u0142o si\u0119 kilka kontuzji i dopiero przed samym meczem oka\u017ce si\u0119, w jakim sk\u0142adzie Tytani wybiegn\u0105 na parkiet. Niezale\u017cnie od tego cel jest jeden i wszyscy w klubie wierz\u0105, \u017ce to spotkanie mo\u017ce przynie\u015b\u0107 upragnione punkty.<\/p>\n\n\n\n<p class=\"wp-block-paragraph\">Zapraszamy wszystkich kibic\u00f3w na trybuny. Wasze wsparcie mo\u017ce ponie\u015b\u0107 zesp\u00f3\u0142 w kluczowych momentach i pom\u00f3c, aby po raz pierwszy w tym roku kalendarzowym wsp\u00f3lnie cieszy\u0107 si\u0119 ze zwyci\u0119stwa.<\/p>\n\n\n\n<div class=\"wp-block-media-text is-stacked-on-mobile\" style=\"grid-template-columns:27% auto\"><figure class=\"wp-block-media-text__media\"><img loading=\"lazy\" decoding=\"async\" width=\"1024\" height=\"1024\" src=\"https:\/\/tytaniwejherowo.pl\/wp-content\/uploads\/2007\/11\/9a-1024x1024.jpg\" alt=\"\" class=\"wp-image-4248 size-full\" srcset=\"https:\/\/tytaniwejherowo.pl\/wp-content\/uploads\/2007\/11\/9a-1024x1024.jpg 1024w, https:\/\/tytaniwejherowo.pl\/wp-content\/uploads\/2007\/11\/9a-300x300.jpg 300w, https:\/\/tytaniwejherowo.pl\/wp-content\/uploads\/2007\/11\/9a-150x150.jpg 150w, https:\/\/tytaniwejherowo.pl\/wp-content\/uploads\/2007\/11\/9a-768x768.jpg 768w, https:\/\/tytaniwejherowo.pl\/wp-content\/uploads\/2007\/11\/9a-1536x1536.jpg 1536w, https:\/\/tytaniwejherowo.pl\/wp-content\/uploads\/2007\/11\/9a-128x128.jpg 128w, https:\/\/tytaniwejherowo.pl\/wp-content\/uploads\/2007\/11\/9a-32x32.jpg 32w, https:\/\/tytaniwejherowo.pl\/wp-content\/uploads\/2007\/11\/9a-200x200.jpg 200w, https:\/\/tytaniwejherowo.pl\/wp-content\/uploads\/2007\/11\/9a-255x255.jpg 255w, https:\/\/tytaniwejherowo.pl\/wp-content\/uploads\/2007\/11\/9a-80x80.jpg 80w, https:\/\/tytaniwejherowo.pl\/wp-content\/uploads\/2007\/11\/9a-740x740.jpg 740w, https:\/\/tytaniwejherowo.pl\/wp-content\/uploads\/2007\/11\/9a-98x98.jpg 98w, https:\/\/tytaniwejherowo.pl\/wp-content\/uploads\/2007\/11\/9a-445x445.jpg 445w, https:\/\/tytaniwejherowo.pl\/wp-content\/uploads\/2007\/11\/9a-270x270.jpg 270w, https:\/\/tytaniwejherowo.pl\/wp-content\/uploads\/2007\/11\/9a-600x600.jpg 600w, https:\/\/tytaniwejherowo.pl\/wp-content\/uploads\/2007\/11\/9a-100x100.jpg 100w, https:\/\/tytaniwejherowo.pl\/wp-content\/uploads\/2007\/11\/9a.jpg 1600w\" sizes=\"auto, (max-width: 1024px) 100vw, 1024px\" \/><\/figure><div class=\"wp-block-media-text__content\">\n<p class=\"wp-block-paragraph\">Hubert Koss przed meczem ze Spart\u0105:<\/p>\n\n\n\n<blockquote class=\"wp-block-quote is-layout-flow wp-block-quote-is-layout-flow\">\n<p class=\"wp-block-paragraph\">Pocz\u0105tek roku nie by\u0142 dla nas \u0142atwy, bo pierwsze spotkania ko\u0144czy\u0142y si\u0119 minimalnymi pora\u017ckami. Ka\u017cdy z tych mecz\u00f3w zostawi\u0142 w nas du\u017cy niedosyt, bo o wyniku decydowa\u0142y pojedyncze akcje i b\u0142\u0119dy w naszej grze. Przeanalizowali\u015bmy to na spokojnie i wyci\u0105gn\u0119li\u015bmy wnioski. Ostatnie dni to ci\u0119\u017cka praca na treningach, poprawa detali w obronie i wi\u0119ksza skuteczno\u015b\u0107 w ataku. Skupiamy si\u0119 przede wszystkim na sobie. Je\u015bli zagramy konsekwentnie przez pe\u0142ne 60 minut, poka\u017cemy charakter i zostawimy na boisku serce, to wierz\u0119, \u017ce tym razem to my b\u0119dziemy cieszy\u0107 si\u0119 z ko\u0144cowego zwyci\u0119stwa.<\/p>\n<\/blockquote>\n<\/div><\/div>\n\n\n\n<h3 class=\"wp-block-heading has-text-align-center\">Mecz z SKF KPR Spart\u0105 Oborniki odb\u0119dzie si\u0119 w niedziel\u0119 22 lutego o godzinie 16:00 w Hali PZS nr 4 w Wejherowie przy ulicy Sobieskiego 344. Wst\u0119p wolny.<\/h3>\n","protected":false},"excerpt":{"rendered":"<p>Przed Tytanami kolejne ligowe wyzwanie. Nasza dru\u017cyna zmierzy si\u0119 z zespo\u0142em Sparty Oborniki, kt\u00f3ry obecnie zajmuje 9. miejsce w tabeli. W pierwszej rundzie uda\u0142o si\u0119 nam wygra\u0107 na wyje\u017adzie po rzutach karnych. Spartanie w tym roku rozegrali trzy spotkania. Pokonali Wybrze\u017ce Gda\u0144sk oraz Szczypiorniak Olsztyn, a jednej pora\u017cki doznali u siebie z AZS UKW Bydgoszcz&#8230;.<\/p>\n","protected":false},"author":1,"featured_media":4488,"comment_status":"closed","ping_status":"open","sticky":false,"template":"","format":"standard","meta":{"footnotes":""},"categories":[111],"tags":[],"class_list":["post-4487","post","type-post","status-publish","format-standard","has-post-thumbnail","hentry","category-nowosci"],"_links":{"self":[{"href":"https:\/\/tytaniwejherowo.pl\/index.php?rest_route=\/wp\/v2\/posts\/4487","targetHints":{"allow":["GET"]}}],"collection":[{"href":"https:\/\/tytaniwejherowo.pl\/index.php?rest_route=\/wp\/v2\/posts"}],"about":[{"href":"https:\/\/tytaniwejherowo.pl\/index.php?rest_route=\/wp\/v2\/types\/post"}],"author":[{"embeddable":true,"href":"https:\/\/tytaniwejherowo.pl\/index.php?rest_route=\/wp\/v2\/users\/1"}],"replies":[{"embeddable":true,"href":"https:\/\/tytaniwejherowo.pl\/index.php?rest_route=%2Fwp%2Fv2%2Fcomments&post=4487"}],"version-history":[{"count":2,"href":"https:\/\/tytaniwejherowo.pl\/index.php?rest_route=\/wp\/v2\/posts\/4487\/revisions"}],"predecessor-version":[{"id":4490,"href":"https:\/\/tytaniwejherowo.pl\/index.php?rest_route=\/wp\/v2\/posts\/4487\/revisions\/4490"}],"wp:featuredmedia":[{"embeddable":true,"href":"https:\/\/tytaniwejherowo.pl\/index.php?rest_route=\/wp\/v2\/media\/4488"}],"wp:attachment":[{"href":"https:\/\/tytaniwejherowo.pl\/index.php?rest_route=%2Fwp%2Fv2%2Fmedia&parent=4487"}],"wp:term":[{"taxonomy":"category","embeddable":true,"href":"https:\/\/tytaniwejherowo.pl\/index.php?rest_route=%2Fwp%2Fv2%2Fcategories&post=4487"},{"taxonomy":"post_tag","embeddable":true,"href":"https:\/\/tytaniwejherowo.pl\/index.php?rest_route=%2Fwp%2Fv2%2Ftags&post=4487"}],"curies":[{"name":"wp","href":"https:\/\/api.w.org\/{rel}","templated":true}]}}